{"id":2250,"date":"2020-10-23T14:36:16","date_gmt":"2020-10-23T14:36:16","guid":{"rendered":"http:\/\/trachtenkapelle-herrischried.de\/?p=2250"},"modified":"2020-10-23T14:37:32","modified_gmt":"2020-10-23T14:37:32","slug":"braegelkonzert-25-10-2020-2","status":"publish","type":"post","link":"https:\/\/trachtenkapelle-herrischried.de\/?p=2250","title":{"rendered":"Br\u00e4gelkonzert &#8211; 25.10.2020"},"content":{"rendered":"\n<p>Wir laden Sie herzlich ein zu unserem &#8222;Br\u00e4gelkonzert&#8220; am Sonntag, den 25. Oktober 2020 auf dem Le Castellet Platz in Herrischried, als kleines Andenken an unser traditionelles Br\u00e4gelfest, welches aufgrund der Corona-Pandemie leider abgesagt werden musste.<\/p>\n\n\n\n<p>Los geht\u00b4s um 11:00 Uhr. Jeder Zuh\u00f6rer, der unser Sparschwein f\u00fcttert. erh\u00e4lt als Dankesch\u00f6n ein kleines S\u00e4ckchen mit Kartoffeln und dem Br\u00e4gelrezept. Damit kann jeder seinen eigenen Br\u00e4gel zu Hause nachkochen und das Br\u00e4gelfest privat feiern.<\/p>\n\n\n<p><!--EndFragment--><\/p>\n<p><\/p>","protected":false},"excerpt":{"rendered":"<p>Wir laden Sie herzlich ein zu unserem &#8222;Br\u00e4gelkonzert&#8220; am Sonntag, den 25. Oktober 2020 auf dem Le Castellet Platz in Herrischried, als kleines Andenken an unser traditionelles Br\u00e4gelfest, welches aufgrund der Corona-Pandemie leider abgesagt werden musste. Los geht\u00b4s um 11:00 &hellip; <a href=\"https:\/\/trachtenkapelle-herrischried.de\/?p=2250\">Weiterlesen <span class=\"meta-nav\">&rarr;<\/span><\/a><\/p>\n","protected":false},"author":14,"featured_media":0,"comment_status":"closed","ping_status":"closed","sticky":false,"template":"","format":"standard","meta":{"ngg_post_thumbnail":0,"footnotes":""},"categories":[1,4],"tags":[],"class_list":["post-2250","post","type-post","status-publish","format-standard","hentry","category-allgemein","category-veranstaltungen"],"_links":{"self":[{"href":"https:\/\/trachtenkapelle-herrischried.de\/index.php?rest_route=\/wp\/v2\/posts\/2250","targetHints":{"allow":["GET"]}}],"collection":[{"href":"https:\/\/trachtenkapelle-herrischried.de\/index.php?rest_route=\/wp\/v2\/posts"}],"about":[{"href":"https:\/\/trachtenkapelle-herrischried.de\/index.php?rest_route=\/wp\/v2\/types\/post"}],"author":[{"embeddable":true,"href":"https:\/\/trachtenkapelle-herrischried.de\/index.php?rest_route=\/wp\/v2\/users\/14"}],"replies":[{"embeddable":true,"href":"https:\/\/trachtenkapelle-herrischried.de\/index.php?rest_route=%2Fwp%2Fv2%2Fcomments&post=2250"}],"version-history":[{"count":4,"href":"https:\/\/trachtenkapelle-herrischried.de\/index.php?rest_route=\/wp\/v2\/posts\/2250\/revisions"}],"predecessor-version":[{"id":2265,"href":"https:\/\/trachtenkapelle-herrischried.de\/index.php?rest_route=\/wp\/v2\/posts\/2250\/revisions\/2265"}],"wp:attachment":[{"href":"https:\/\/trachtenkapelle-herrischried.de\/index.php?rest_route=%2Fwp%2Fv2%2Fmedia&parent=2250"}],"wp:term":[{"taxonomy":"category","embeddable":true,"href":"https:\/\/trachtenkapelle-herrischried.de\/index.php?rest_route=%2Fwp%2Fv2%2Fcategories&post=2250"},{"taxonomy":"post_tag","embeddable":true,"href":"https:\/\/trachtenkapelle-herrischried.de\/index.php?rest_route=%2Fwp%2Fv2%2Ftags&post=2250"}],"curies":[{"name":"wp","href":"https:\/\/api.w.org\/{rel}","templated":true}]}}